{"id":502,"date":"2022-10-05T11:25:45","date_gmt":"2022-10-05T09:25:45","guid":{"rendered":"https:\/\/hazatalal.hu\/?p=502"},"modified":"2025-09-20T18:01:48","modified_gmt":"2025-09-20T16:01:48","slug":"a-sziriai-menekultek-konvojban-gyulekeznek-a-torok-hataron-hogy-atsetaljanak-gorogorszagba","status":"publish","type":"post","link":"https:\/\/www.refugeefindinghome.com\/en\/2022\/10\/05\/a-sziriai-menekultek-konvojban-gyulekeznek-a-torok-hataron-hogy-atsetaljanak-gorogorszagba\/","title":{"rendered":"A sz\u00edriai menek\u00fcltek konvojban gy\u00fclekeznek a t\u00f6r\u00f6k hat\u00e1ron"},"content":{"rendered":"<div data-elementor-type=\"wp-post\" data-elementor-id=\"502\" class=\"elementor elementor-502\" data-elementor-post-type=\"post\">\n\t\t\t\t<div class=\"elementor-element elementor-element-8a2f3fa e-flex e-con-boxed e-con e-parent\" data-id=\"8a2f3fa\" data-element_type=\"container\" data-e-type=\"container\">\n\t\t\t\t\t<div class=\"e-con-inner\">\n\t\t\t\t<div class=\"elementor-element elementor-element-b70ec0c elementor-widget elementor-widget-text-editor\" data-id=\"b70ec0c\" data-element_type=\"widget\" data-e-type=\"widget\" data-widget_type=\"text-editor.default\">\n\t\t\t\t<div class=\"elementor-widget-container\">\n\t\t\t\t\t\t\t\t\t<p>Sz\u00edriai menek\u00fcltek ezrei gy\u00fclekeznek T\u00f6r\u00f6korsz\u00e1gban egy konvojban, amelyet a szervez\u0151k a F\u00e9ny karav\u00e1nj\u00e1nak neveztek el, egy mer\u00e9sz \u00e9s k\u00e9ts\u00e9gbeesett k\u00eds\u00e9rletk\u00e9nt, hogy t\u00f6megesen l\u00e9pjenek be az EU-ba.<\/p><p>A sz\u00edriaiak szeptember eleje \u00f3ta k\u00e9sz\u00edtik az \u00fat terveit egy Telegram-csatorn\u00e1n kereszt\u00fcl, amelynek m\u00e1r t\u00f6bb mint 85 000 tagja van.<\/p>\t\t\t\t\t\t\t\t<\/div>\n\t\t\t\t<\/div>\n\t\t\t\t<div class=\"elementor-element elementor-element-1095a90 elementor-widget elementor-widget-text-editor\" data-id=\"1095a90\" data-element_type=\"widget\" data-e-type=\"widget\" data-widget_type=\"text-editor.default\">\n\t\t\t\t<div class=\"elementor-widget-container\">\n\t\t\t\t\t\t\t\t\t<p>Olvasson tov\u00e1bb <a href=\"https:\/\/www.theguardian.com\/global-development\/2022\/sep\/21\/syrian-refugees-mass-in-convoy-on-turkish-border-to-walk-into-greece\" target=\"_blank\" rel=\"noopener nofollow\">itt<\/a>.<\/p>\t\t\t\t\t\t\t\t<\/div>\n\t\t\t\t<\/div>\n\t\t\t\t\t<\/div>\n\t\t\t\t<\/div>\n\t\t\t\t<\/div>","protected":false},"excerpt":{"rendered":"<p>T\u00f6bb t\u00edzezren tervezik, hogy egy\u00fctt l\u00e9pnek be az uni\u00f3s orsz\u00e1gba az \u00e1ll\u00edt\u00f3lagos rasszista t\u00e1mad\u00e1sok \u00e9s a n\u00f6vekv\u0151 fesz\u00fclts\u00e9gek ut\u00e1n.<\/p>","protected":false},"author":3,"featured_media":503,"comment_status":"closed","ping_status":"closed","sticky":false,"template":"","format":"standard","meta":{"footnotes":""},"categories":[1],"tags":[],"class_list":["post-502","post","type-post","status-publish","format-standard","has-post-thumbnail","hentry","category-uncategorized"],"_links":{"self":[{"href":"https:\/\/www.refugeefindinghome.com\/en\/wp-json\/wp\/v2\/posts\/502","targetHints":{"allow":["GET"]}}],"collection":[{"href":"https:\/\/www.refugeefindinghome.com\/en\/wp-json\/wp\/v2\/posts"}],"about":[{"href":"https:\/\/www.refugeefindinghome.com\/en\/wp-json\/wp\/v2\/types\/post"}],"author":[{"embeddable":true,"href":"https:\/\/www.refugeefindinghome.com\/en\/wp-json\/wp\/v2\/users\/3"}],"replies":[{"embeddable":true,"href":"https:\/\/www.refugeefindinghome.com\/en\/wp-json\/wp\/v2\/comments?post=502"}],"version-history":[{"count":6,"href":"https:\/\/www.refugeefindinghome.com\/en\/wp-json\/wp\/v2\/posts\/502\/revisions"}],"predecessor-version":[{"id":684,"href":"https:\/\/www.refugeefindinghome.com\/en\/wp-json\/wp\/v2\/posts\/502\/revisions\/684"}],"wp:featuredmedia":[{"embeddable":true,"href":"https:\/\/www.refugeefindinghome.com\/en\/wp-json\/wp\/v2\/media\/503"}],"wp:attachment":[{"href":"https:\/\/www.refugeefindinghome.com\/en\/wp-json\/wp\/v2\/media?parent=502"}],"wp:term":[{"taxonomy":"category","embeddable":true,"href":"https:\/\/www.refugeefindinghome.com\/en\/wp-json\/wp\/v2\/categories?post=502"},{"taxonomy":"post_tag","embeddable":true,"href":"https:\/\/www.refugeefindinghome.com\/en\/wp-json\/wp\/v2\/tags?post=502"}],"curies":[{"name":"wp","href":"https:\/\/api.w.org\/{rel}","templated":true}]}}